{"id":3685,"date":"2026-09-04T08:52:25","date_gmt":"2026-09-04T08:52:25","guid":{"rendered":"https:\/\/quartierdelapoya.ch\/?p=3685"},"modified":"2026-09-04T09:21:04","modified_gmt":"2026-09-04T09:21:04","slug":"on-12-september-come-and-experience-the-day-of-possibilities-at-la-fabrique","status":"publish","type":"post","link":"https:\/\/quartierdelapoya.ch\/en\/on-12-september-come-and-experience-the-day-of-possibilities-at-la-fabrique\/","title":{"rendered":"On 12 September, come and experience the Day of Possibilities at La Fabrique"},"content":{"rendered":"<p><strong>On Saturday, 12 September 2026, from 10 am to 4 pm, La Fabrique invites you to a festive, participatory day open to everyone to bring the Passeport des possibles to a memorable close.<\/strong><\/p>\n<p>After a summer dedicated to discovery and the circular economy, children and adults alike are invited to come together at La Fabrique and explore practical, accessible alternatives for consuming differently.<\/p>\n<p>On the programme:<\/p>\n<p><strong>The Rally of Possibilities<\/strong><br \/>\nAn educational trail focused on the circular economy, offering a fun way to discover different ways of taking action in everyday life.<\/p>\n<p><strong>A collaborative mural<\/strong><br \/>\nA moment of collective creativity to develop and make visible a shared vision of possible alternatives for our future.<\/p>\n<p><strong>The 4 superpowers<\/strong><br \/>\nRefuse, share, repair and reuse: an awareness and information stand will introduce simple, practical actions that can be adopted in everyday life.<\/p>\n<p><strong>A sustainable and community-minded banquet<\/strong><br \/>\nA meal prepared using rescued food thanks to the <strong>Fribourg Food Bank<\/strong>, with the talents of Camille, <strong>Pouponne et Loulette<\/strong>, and Julian from <strong>Maison Knipper<\/strong>, located on the Poya site.<\/p>\n<p><strong>Registration for the banquet is recommended but not compulsory.<\/strong><\/p>\n<p>Saturday, 12 September 2026<br \/>\nFrom 10 am to 4 pm<br \/>\nLa Fabrique, avenue G\u00e9n\u00e9ral-Guisan 11\u201315, 1700 Fribourg<br \/>\nFree admission<\/p>\n<p>A wonderful opportunity to come together, share a meal and discover practical solutions for imagining new possibilities for the future.<\/p>\n<p><a class=\"button\" href=\"https:\/\/lafabriquefribourg.ch\/le-passeport-des-possibles\/#\u00e9v\u00e9nementcl\u00f4ture\" target=\"_blank\" rel=\"noopener\">Discover the full programme<\/a><\/p>\n<p>&nbsp;<\/p>\n","protected":false},"excerpt":{"rendered":"<p>On Saturday, 12 September 2026, from 10 am to 4 pm, La Fabrique invites you to a festive, participatory day open to everyone to bring the Passeport des possibles to a memorable close. After a summer dedicated to discovery and the circular economy, children and adults alike are invited to come together at La Fabrique [&hellip;]<\/p>\n","protected":false},"author":2,"featured_media":3683,"comment_status":"closed","ping_status":"closed","sticky":false,"template":"","format":"standard","meta":{"_acf_changed":false,"footnotes":""},"categories":[1],"tags":[],"class_list":["post-3685","post","type-post","status-publish","format-standard","hentry","category-non-classifiee"],"acf":[],"yoast_head":"<!-- This site is optimized with the Yoast SEO plugin v24.3 - https:\/\/yoast.com\/wordpress\/plugins\/seo\/ -->\n<title>On 12 September, come and experience the Day of Possibilities at La Fabrique &#8226; Quartier de la Poya<\/title>\n<meta name=\"robots\" content=\"index, follow, max-snippet:-1, max-image-preview:large, max-video-preview:-1\" \/>\n<link rel=\"canonical\" href=\"https:\/\/quartierdelapoya.ch\/en\/on-12-september-come-and-experience-the-day-of-possibilities-at-la-fabrique\/\" \/>\n<meta property=\"og:locale\" content=\"en_US\" \/>\n<meta property=\"og:type\" content=\"article\" \/>\n<meta property=\"og:title\" content=\"On 12 September, come and experience the Day of Possibilities at La Fabrique &#8226; Quartier de la Poya\" \/>\n<meta property=\"og:description\" content=\"On Saturday, 12 September 2026, from 10 am to 4 pm, La Fabrique invites you to a festive, participatory day open to everyone to bring the Passeport des possibles to a memorable close. After a summer dedicated to discovery and the circular economy, children and adults alike are invited to come together at La Fabrique [&hellip;]\" \/>\n<meta property=\"og:url\" content=\"https:\/\/quartierdelapoya.ch\/en\/on-12-september-come-and-experience-the-day-of-possibilities-at-la-fabrique\/\" \/>\n<meta property=\"og:site_name\" content=\"Quartier de la Poya\" \/>\n<meta property=\"article:published_time\" content=\"2026-09-04T08:52:25+00:00\" \/>\n<meta property=\"article:modified_time\" content=\"2026-09-04T09:21:04+00:00\" \/>\n<meta property=\"og:image\" content=\"https:\/\/quartierdelapoya.ch\/wp-content\/uploads\/2026\/09\/14425_ETAT_DE_FRIBOURG_La_Fabrique_WEB.jpg\" \/>\n\t<meta property=\"og:image:width\" content=\"606\" \/>\n\t<meta property=\"og:image:height\" content=\"500\" \/>\n\t<meta property=\"og:image:type\" content=\"image\/jpeg\" \/>\n<meta name=\"author\" content=\"gael@plurial.net\" \/>\n<meta name=\"twitter:card\" content=\"summary_large_image\" \/>\n<meta name=\"twitter:label1\" content=\"Written by\" \/>\n\t<meta name=\"twitter:data1\" content=\"gael@plurial.net\" \/>\n\t<meta name=\"twitter:label2\" content=\"Est. reading time\" \/>\n\t<meta name=\"twitter:data2\" content=\"2 minutes\" \/>\n<script type=\"application\/ld+json\" class=\"yoast-schema-graph\">{\"@context\":\"https:\/\/schema.org\",\"@graph\":[{\"@type\":\"Article\",\"@id\":\"https:\/\/quartierdelapoya.ch\/en\/on-12-september-come-and-experience-the-day-of-possibilities-at-la-fabrique\/#article\",\"isPartOf\":{\"@id\":\"https:\/\/quartierdelapoya.ch\/en\/on-12-september-come-and-experience-the-day-of-possibilities-at-la-fabrique\/\"},\"author\":{\"name\":\"gael@plurial.net\",\"@id\":\"https:\/\/quartierdelapoya.ch\/#\/schema\/person\/4eee17e21dfcbe571232f0e09449b4d9\"},\"headline\":\"On 12 September, come and experience the Day of Possibilities at La Fabrique\",\"datePublished\":\"2026-09-04T08:52:25+00:00\",\"dateModified\":\"2026-09-04T09:21:04+00:00\",\"mainEntityOfPage\":{\"@id\":\"https:\/\/quartierdelapoya.ch\/en\/on-12-september-come-and-experience-the-day-of-possibilities-at-la-fabrique\/\"},\"wordCount\":230,\"publisher\":{\"@id\":\"https:\/\/quartierdelapoya.ch\/#organization\"},\"image\":{\"@id\":\"https:\/\/quartierdelapoya.ch\/en\/on-12-september-come-and-experience-the-day-of-possibilities-at-la-fabrique\/#primaryimage\"},\"thumbnailUrl\":\"https:\/\/quartierdelapoya.ch\/wp-content\/uploads\/2026\/09\/14425_ETAT_DE_FRIBOURG_La_Fabrique_WEB.jpg\",\"articleSection\":[\"Non classifi\u00e9(e)\"],\"inLanguage\":\"en-US\"},{\"@type\":\"WebPage\",\"@id\":\"https:\/\/quartierdelapoya.ch\/en\/on-12-september-come-and-experience-the-day-of-possibilities-at-la-fabrique\/\",\"url\":\"https:\/\/quartierdelapoya.ch\/en\/on-12-september-come-and-experience-the-day-of-possibilities-at-la-fabrique\/\",\"name\":\"On 12 September, come and experience the Day of Possibilities at La Fabrique &#8226; Quartier de la Poya\",\"isPartOf\":{\"@id\":\"https:\/\/quartierdelapoya.ch\/#website\"},\"primaryImageOfPage\":{\"@id\":\"https:\/\/quartierdelapoya.ch\/en\/on-12-september-come-and-experience-the-day-of-possibilities-at-la-fabrique\/#primaryimage\"},\"image\":{\"@id\":\"https:\/\/quartierdelapoya.ch\/en\/on-12-september-come-and-experience-the-day-of-possibilities-at-la-fabrique\/#primaryimage\"},\"thumbnailUrl\":\"https:\/\/quartierdelapoya.ch\/wp-content\/uploads\/2026\/09\/14425_ETAT_DE_FRIBOURG_La_Fabrique_WEB.jpg\",\"datePublished\":\"2026-09-04T08:52:25+00:00\",\"dateModified\":\"2026-09-04T09:21:04+00:00\",\"breadcrumb\":{\"@id\":\"https:\/\/quartierdelapoya.ch\/en\/on-12-september-come-and-experience-the-day-of-possibilities-at-la-fabrique\/#breadcrumb\"},\"inLanguage\":\"en-US\",\"potentialAction\":[{\"@type\":\"ReadAction\",\"target\":[\"https:\/\/quartierdelapoya.ch\/en\/on-12-september-come-and-experience-the-day-of-possibilities-at-la-fabrique\/\"]}]},{\"@type\":\"ImageObject\",\"inLanguage\":\"en-US\",\"@id\":\"https:\/\/quartierdelapoya.ch\/en\/on-12-september-come-and-experience-the-day-of-possibilities-at-la-fabrique\/#primaryimage\",\"url\":\"https:\/\/quartierdelapoya.ch\/wp-content\/uploads\/2026\/09\/14425_ETAT_DE_FRIBOURG_La_Fabrique_WEB.jpg\",\"contentUrl\":\"https:\/\/quartierdelapoya.ch\/wp-content\/uploads\/2026\/09\/14425_ETAT_DE_FRIBOURG_La_Fabrique_WEB.jpg\",\"width\":606,\"height\":500},{\"@type\":\"BreadcrumbList\",\"@id\":\"https:\/\/quartierdelapoya.ch\/en\/on-12-september-come-and-experience-the-day-of-possibilities-at-la-fabrique\/#breadcrumb\",\"itemListElement\":[{\"@type\":\"ListItem\",\"position\":1,\"name\":\"Accueil\",\"item\":\"https:\/\/quartierdelapoya.ch\/en\/\"},{\"@type\":\"ListItem\",\"position\":2,\"name\":\"On 12 September, come and experience the Day of Possibilities at La Fabrique\"}]},{\"@type\":\"WebSite\",\"@id\":\"https:\/\/quartierdelapoya.ch\/#website\",\"url\":\"https:\/\/quartierdelapoya.ch\/\",\"name\":\"Quartier de la Poya\",\"description\":\"R\u00e9inventons ensemble la Poya!\",\"publisher\":{\"@id\":\"https:\/\/quartierdelapoya.ch\/#organization\"},\"potentialAction\":[{\"@type\":\"SearchAction\",\"target\":{\"@type\":\"EntryPoint\",\"urlTemplate\":\"https:\/\/quartierdelapoya.ch\/?s={search_term_string}\"},\"query-input\":{\"@type\":\"PropertyValueSpecification\",\"valueRequired\":true,\"valueName\":\"search_term_string\"}}],\"inLanguage\":\"en-US\"},{\"@type\":\"Organization\",\"@id\":\"https:\/\/quartierdelapoya.ch\/#organization\",\"name\":\"Quartier de la Poya\",\"url\":\"https:\/\/quartierdelapoya.ch\/\",\"logo\":{\"@type\":\"ImageObject\",\"inLanguage\":\"en-US\",\"@id\":\"https:\/\/quartierdelapoya.ch\/#\/schema\/logo\/image\/\",\"url\":\"https:\/\/quartierdelapoya.ch\/wp-content\/uploads\/2024\/03\/LOGO_Etat-Fribourg.png\",\"contentUrl\":\"https:\/\/quartierdelapoya.ch\/wp-content\/uploads\/2024\/03\/LOGO_Etat-Fribourg.png\",\"width\":696,\"height\":696,\"caption\":\"Quartier de la Poya\"},\"image\":{\"@id\":\"https:\/\/quartierdelapoya.ch\/#\/schema\/logo\/image\/\"}},{\"@type\":\"Person\",\"@id\":\"https:\/\/quartierdelapoya.ch\/#\/schema\/person\/4eee17e21dfcbe571232f0e09449b4d9\",\"name\":\"gael@plurial.net\",\"image\":{\"@type\":\"ImageObject\",\"inLanguage\":\"en-US\",\"@id\":\"https:\/\/quartierdelapoya.ch\/#\/schema\/person\/image\/\",\"url\":\"https:\/\/secure.gravatar.com\/avatar\/3f05c6d90da2cc188e95151a8678eb70?s=96&d=mm&r=g\",\"contentUrl\":\"https:\/\/secure.gravatar.com\/avatar\/3f05c6d90da2cc188e95151a8678eb70?s=96&d=mm&r=g\",\"caption\":\"gael@plurial.net\"},\"url\":\"https:\/\/quartierdelapoya.ch\/en\/author\/gaelplurial-net\/\"}]}<\/script>\n<!-- \/ Yoast SEO plugin. -->","yoast_head_json":{"title":"On 12 September, come and experience the Day of Possibilities at La Fabrique &#8226; Quartier de la Poya","robots":{"index":"index","follow":"follow","max-snippet":"max-snippet:-1","max-image-preview":"max-image-preview:large","max-video-preview":"max-video-preview:-1"},"canonical":"https:\/\/quartierdelapoya.ch\/en\/on-12-september-come-and-experience-the-day-of-possibilities-at-la-fabrique\/","og_locale":"en_US","og_type":"article","og_title":"On 12 September, come and experience the Day of Possibilities at La Fabrique &#8226; Quartier de la Poya","og_description":"On Saturday, 12 September 2026, from 10 am to 4 pm, La Fabrique invites you to a festive, participatory day open to everyone to bring the Passeport des possibles to a memorable close. After a summer dedicated to discovery and the circular economy, children and adults alike are invited to come together at La Fabrique [&hellip;]","og_url":"https:\/\/quartierdelapoya.ch\/en\/on-12-september-come-and-experience-the-day-of-possibilities-at-la-fabrique\/","og_site_name":"Quartier de la Poya","article_published_time":"2026-09-04T08:52:25+00:00","article_modified_time":"2026-09-04T09:21:04+00:00","og_image":[{"width":606,"height":500,"url":"https:\/\/quartierdelapoya.ch\/wp-content\/uploads\/2026\/09\/14425_ETAT_DE_FRIBOURG_La_Fabrique_WEB.jpg","type":"image\/jpeg"}],"author":"gael@plurial.net","twitter_card":"summary_large_image","twitter_misc":{"Written by":"gael@plurial.net","Est. reading time":"2 minutes"},"schema":{"@context":"https:\/\/schema.org","@graph":[{"@type":"Article","@id":"https:\/\/quartierdelapoya.ch\/en\/on-12-september-come-and-experience-the-day-of-possibilities-at-la-fabrique\/#article","isPartOf":{"@id":"https:\/\/quartierdelapoya.ch\/en\/on-12-september-come-and-experience-the-day-of-possibilities-at-la-fabrique\/"},"author":{"name":"gael@plurial.net","@id":"https:\/\/quartierdelapoya.ch\/#\/schema\/person\/4eee17e21dfcbe571232f0e09449b4d9"},"headline":"On 12 September, come and experience the Day of Possibilities at La Fabrique","datePublished":"2026-09-04T08:52:25+00:00","dateModified":"2026-09-04T09:21:04+00:00","mainEntityOfPage":{"@id":"https:\/\/quartierdelapoya.ch\/en\/on-12-september-come-and-experience-the-day-of-possibilities-at-la-fabrique\/"},"wordCount":230,"publisher":{"@id":"https:\/\/quartierdelapoya.ch\/#organization"},"image":{"@id":"https:\/\/quartierdelapoya.ch\/en\/on-12-september-come-and-experience-the-day-of-possibilities-at-la-fabrique\/#primaryimage"},"thumbnailUrl":"https:\/\/quartierdelapoya.ch\/wp-content\/uploads\/2026\/09\/14425_ETAT_DE_FRIBOURG_La_Fabrique_WEB.jpg","articleSection":["Non classifi\u00e9(e)"],"inLanguage":"en-US"},{"@type":"WebPage","@id":"https:\/\/quartierdelapoya.ch\/en\/on-12-september-come-and-experience-the-day-of-possibilities-at-la-fabrique\/","url":"https:\/\/quartierdelapoya.ch\/en\/on-12-september-come-and-experience-the-day-of-possibilities-at-la-fabrique\/","name":"On 12 September, come and experience the Day of Possibilities at La Fabrique &#8226; Quartier de la Poya","isPartOf":{"@id":"https:\/\/quartierdelapoya.ch\/#website"},"primaryImageOfPage":{"@id":"https:\/\/quartierdelapoya.ch\/en\/on-12-september-come-and-experience-the-day-of-possibilities-at-la-fabrique\/#primaryimage"},"image":{"@id":"https:\/\/quartierdelapoya.ch\/en\/on-12-september-come-and-experience-the-day-of-possibilities-at-la-fabrique\/#primaryimage"},"thumbnailUrl":"https:\/\/quartierdelapoya.ch\/wp-content\/uploads\/2026\/09\/14425_ETAT_DE_FRIBOURG_La_Fabrique_WEB.jpg","datePublished":"2026-09-04T08:52:25+00:00","dateModified":"2026-09-04T09:21:04+00:00","breadcrumb":{"@id":"https:\/\/quartierdelapoya.ch\/en\/on-12-september-come-and-experience-the-day-of-possibilities-at-la-fabrique\/#breadcrumb"},"inLanguage":"en-US","potentialAction":[{"@type":"ReadAction","target":["https:\/\/quartierdelapoya.ch\/en\/on-12-september-come-and-experience-the-day-of-possibilities-at-la-fabrique\/"]}]},{"@type":"ImageObject","inLanguage":"en-US","@id":"https:\/\/quartierdelapoya.ch\/en\/on-12-september-come-and-experience-the-day-of-possibilities-at-la-fabrique\/#primaryimage","url":"https:\/\/quartierdelapoya.ch\/wp-content\/uploads\/2026\/09\/14425_ETAT_DE_FRIBOURG_La_Fabrique_WEB.jpg","contentUrl":"https:\/\/quartierdelapoya.ch\/wp-content\/uploads\/2026\/09\/14425_ETAT_DE_FRIBOURG_La_Fabrique_WEB.jpg","width":606,"height":500},{"@type":"BreadcrumbList","@id":"https:\/\/quartierdelapoya.ch\/en\/on-12-september-come-and-experience-the-day-of-possibilities-at-la-fabrique\/#breadcrumb","itemListElement":[{"@type":"ListItem","position":1,"name":"Accueil","item":"https:\/\/quartierdelapoya.ch\/en\/"},{"@type":"ListItem","position":2,"name":"On 12 September, come and experience the Day of Possibilities at La Fabrique"}]},{"@type":"WebSite","@id":"https:\/\/quartierdelapoya.ch\/#website","url":"https:\/\/quartierdelapoya.ch\/","name":"Quartier de la Poya","description":"R\u00e9inventons ensemble la Poya!","publisher":{"@id":"https:\/\/quartierdelapoya.ch\/#organization"},"potentialAction":[{"@type":"SearchAction","target":{"@type":"EntryPoint","urlTemplate":"https:\/\/quartierdelapoya.ch\/?s={search_term_string}"},"query-input":{"@type":"PropertyValueSpecification","valueRequired":true,"valueName":"search_term_string"}}],"inLanguage":"en-US"},{"@type":"Organization","@id":"https:\/\/quartierdelapoya.ch\/#organization","name":"Quartier de la Poya","url":"https:\/\/quartierdelapoya.ch\/","logo":{"@type":"ImageObject","inLanguage":"en-US","@id":"https:\/\/quartierdelapoya.ch\/#\/schema\/logo\/image\/","url":"https:\/\/quartierdelapoya.ch\/wp-content\/uploads\/2024\/03\/LOGO_Etat-Fribourg.png","contentUrl":"https:\/\/quartierdelapoya.ch\/wp-content\/uploads\/2024\/03\/LOGO_Etat-Fribourg.png","width":696,"height":696,"caption":"Quartier de la Poya"},"image":{"@id":"https:\/\/quartierdelapoya.ch\/#\/schema\/logo\/image\/"}},{"@type":"Person","@id":"https:\/\/quartierdelapoya.ch\/#\/schema\/person\/4eee17e21dfcbe571232f0e09449b4d9","name":"gael@plurial.net","image":{"@type":"ImageObject","inLanguage":"en-US","@id":"https:\/\/quartierdelapoya.ch\/#\/schema\/person\/image\/","url":"https:\/\/secure.gravatar.com\/avatar\/3f05c6d90da2cc188e95151a8678eb70?s=96&d=mm&r=g","contentUrl":"https:\/\/secure.gravatar.com\/avatar\/3f05c6d90da2cc188e95151a8678eb70?s=96&d=mm&r=g","caption":"gael@plurial.net"},"url":"https:\/\/quartierdelapoya.ch\/en\/author\/gaelplurial-net\/"}]}},"_links":{"self":[{"href":"https:\/\/quartierdelapoya.ch\/en\/wp-json\/wp\/v2\/posts\/3685","targetHints":{"allow":["GET"]}}],"collection":[{"href":"https:\/\/quartierdelapoya.ch\/en\/wp-json\/wp\/v2\/posts"}],"about":[{"href":"https:\/\/quartierdelapoya.ch\/en\/wp-json\/wp\/v2\/types\/post"}],"author":[{"embeddable":true,"href":"https:\/\/quartierdelapoya.ch\/en\/wp-json\/wp\/v2\/users\/2"}],"replies":[{"embeddable":true,"href":"https:\/\/quartierdelapoya.ch\/en\/wp-json\/wp\/v2\/comments?post=3685"}],"version-history":[{"count":5,"href":"https:\/\/quartierdelapoya.ch\/en\/wp-json\/wp\/v2\/posts\/3685\/revisions"}],"predecessor-version":[{"id":3697,"href":"https:\/\/quartierdelapoya.ch\/en\/wp-json\/wp\/v2\/posts\/3685\/revisions\/3697"}],"wp:featuredmedia":[{"embeddable":true,"href":"https:\/\/quartierdelapoya.ch\/en\/wp-json\/wp\/v2\/media\/3683"}],"wp:attachment":[{"href":"https:\/\/quartierdelapoya.ch\/en\/wp-json\/wp\/v2\/media?parent=3685"}],"wp:term":[{"taxonomy":"category","embeddable":true,"href":"https:\/\/quartierdelapoya.ch\/en\/wp-json\/wp\/v2\/categories?post=3685"},{"taxonomy":"post_tag","embeddable":true,"href":"https:\/\/quartierdelapoya.ch\/en\/wp-json\/wp\/v2\/tags?post=3685"}],"curies":[{"name":"wp","href":"https:\/\/api.w.org\/{rel}","templated":true}]}}