{"id":3691,"date":"2026-09-04T08:52:25","date_gmt":"2026-09-04T08:52:25","guid":{"rendered":"https:\/\/quartierdelapoya.ch\/?p=3691"},"modified":"2026-09-04T09:24:21","modified_gmt":"2026-09-04T09:24:21","slug":"am-12-september-erleben-sie-den-tag-der-moeglichkeiten-in-la-fabrique","status":"publish","type":"post","link":"https:\/\/quartierdelapoya.ch\/de\/am-12-september-erleben-sie-den-tag-der-moeglichkeiten-in-la-fabrique\/","title":{"rendered":"Am 12. September: Erleben Sie den \u00abTag der M\u00f6glichkeiten\u00bb in La Fabrique"},"content":{"rendered":"<p><strong>Am Samstag, 12. September 2026, von 10 bis 16 Uhr l\u00e4dt La Fabrique zu einem festlichen, partizipativen Tag ein, der allen offensteht und den \u00abPasseport des possibles\u00bb geb\u00fchrend abschliesst.<\/strong><\/p>\n<p>Nach einem Sommer im Zeichen der Entdeckung und der Kreislaufwirtschaft sind Kinder und Erwachsene eingeladen, sich in La Fabrique zu treffen und gemeinsam konkrete und leicht zug\u00e4ngliche Alternativen f\u00fcr einen bewussteren Konsum zu entdecken.<\/p>\n<p>Auf dem Programm:<\/p>\n<p><strong>Rallye des possibles<\/strong><br \/>\nEin didaktischer Parcours rund um die Kreislaufwirtschaft, bei dem auf spielerische Weise verschiedene M\u00f6glichkeiten entdeckt werden k\u00f6nnen, im Alltag aktiv zu werden.<\/p>\n<p><strong>Ein partizipatives Wandbild<\/strong><br \/>\nEin gemeinsamer kreativer Moment, um eine gemeinsame Vision m\u00f6glicher Alternativen f\u00fcr unsere Zukunft zu entwickeln und sichtbar zu machen.<\/p>\n<p><strong>Die 4 Superkr\u00e4fte<\/strong><br \/>\nAblehnen, teilen, reparieren und wiederverwenden: An einem Informations- und Sensibilisierungsstand k\u00f6nnen einfache und konkrete Handlungen entdeckt werden, die sich im Alltag umsetzen lassen.<\/p>\n<p><strong>Ein nachhaltiges und solidarisches Bankett<\/strong><br \/>\nEin Essen, das aus geretteten Lebensmitteln zubereitet wird \u2013 dank der <strong>Freiburger Lebensmittelbank<\/strong> und mit dem K\u00f6nnen von Camille von <strong>Pouponne et Loulette<\/strong> sowie Julian von <strong>Maison Knipper<\/strong>, die auf dem Gel\u00e4nde von La Poya vertreten ist.<\/p>\n<p><strong>Eine Anmeldung f\u00fcr das Bankett wird empfohlen, ist aber nicht obligatorisch.<\/strong><\/p>\n<p>Samstag, 12. September 2026<br \/>\nVon 10 bis 16 Uhr<br \/>\nLa Fabrique, Avenue G\u00e9n\u00e9ral-Guisan 11\u201315, 1700 Freiburg<br \/>\nEintritt frei<\/p>\n<p><a class=\"button\" href=\"https:\/\/lafabriquefribourg.ch\/le-passeport-des-possibles\/#\u00e9v\u00e9nementcl\u00f4ture\" target=\"_blank\" rel=\"noopener\">Das vollst\u00e4ndige Programm entdecken<\/a><\/p>\n<p>&nbsp;<\/p>\n","protected":false},"excerpt":{"rendered":"<p>Am Samstag, 12. September 2026, von 10 bis 16 Uhr l\u00e4dt La Fabrique zu einem festlichen, partizipativen Tag ein, der allen offensteht und den \u00abPasseport des possibles\u00bb geb\u00fchrend abschliesst. Nach einem Sommer im Zeichen der Entdeckung und der Kreislaufwirtschaft sind Kinder und Erwachsene eingeladen, sich in La Fabrique zu treffen und gemeinsam konkrete und leicht [&hellip;]<\/p>\n","protected":false},"author":2,"featured_media":3684,"comment_status":"closed","ping_status":"closed","sticky":false,"template":"","format":"standard","meta":{"_acf_changed":false,"footnotes":""},"categories":[2],"tags":[],"class_list":["post-3691","post","type-post","status-publish","format-standard","hentry","category-unkategorisiert"],"acf":[],"yoast_head":"<!-- This site is optimized with the Yoast SEO plugin v24.3 - https:\/\/yoast.com\/wordpress\/plugins\/seo\/ -->\n<title>Am 12. September: Erleben Sie den \u00abTag der M\u00f6glichkeiten\u00bb in La Fabrique &#8226; Quartier de la Poya<\/title>\n<meta name=\"robots\" content=\"index, follow, max-snippet:-1, max-image-preview:large, max-video-preview:-1\" \/>\n<link rel=\"canonical\" href=\"https:\/\/quartierdelapoya.ch\/de\/am-12-september-erleben-sie-den-tag-der-moeglichkeiten-in-la-fabrique\/\" \/>\n<meta property=\"og:locale\" content=\"de_DE\" \/>\n<meta property=\"og:type\" content=\"article\" \/>\n<meta property=\"og:title\" content=\"Am 12. September: Erleben Sie den \u00abTag der M\u00f6glichkeiten\u00bb in La Fabrique &#8226; Quartier de la Poya\" \/>\n<meta property=\"og:description\" content=\"Am Samstag, 12. September 2026, von 10 bis 16 Uhr l\u00e4dt La Fabrique zu einem festlichen, partizipativen Tag ein, der allen offensteht und den \u00abPasseport des possibles\u00bb geb\u00fchrend abschliesst. Nach einem Sommer im Zeichen der Entdeckung und der Kreislaufwirtschaft sind Kinder und Erwachsene eingeladen, sich in La Fabrique zu treffen und gemeinsam konkrete und leicht [&hellip;]\" \/>\n<meta property=\"og:url\" content=\"https:\/\/quartierdelapoya.ch\/de\/am-12-september-erleben-sie-den-tag-der-moeglichkeiten-in-la-fabrique\/\" \/>\n<meta property=\"og:site_name\" content=\"Quartier de la Poya\" \/>\n<meta property=\"article:published_time\" content=\"2026-09-04T08:52:25+00:00\" \/>\n<meta property=\"article:modified_time\" content=\"2026-09-04T09:24:21+00:00\" \/>\n<meta property=\"og:image\" content=\"https:\/\/quartierdelapoya.ch\/wp-content\/uploads\/2026\/09\/14425_ETAT_DE_FRIBOURG_La_Fabrique_WEB.jpg\" \/>\n\t<meta property=\"og:image:width\" content=\"606\" \/>\n\t<meta property=\"og:image:height\" content=\"500\" \/>\n\t<meta property=\"og:image:type\" content=\"image\/jpeg\" \/>\n<meta name=\"author\" content=\"gael@plurial.net\" \/>\n<meta name=\"twitter:card\" content=\"summary_large_image\" \/>\n<meta name=\"twitter:label1\" content=\"Verfasst von\" \/>\n\t<meta name=\"twitter:data1\" content=\"gael@plurial.net\" \/>\n\t<meta name=\"twitter:label2\" content=\"Gesch\u00e4tzte Lesezeit\" \/>\n\t<meta name=\"twitter:data2\" content=\"2\u00a0Minuten\" \/>\n<script type=\"application\/ld+json\" class=\"yoast-schema-graph\">{\"@context\":\"https:\/\/schema.org\",\"@graph\":[{\"@type\":\"Article\",\"@id\":\"https:\/\/quartierdelapoya.ch\/de\/am-12-september-erleben-sie-den-tag-der-moeglichkeiten-in-la-fabrique\/#article\",\"isPartOf\":{\"@id\":\"https:\/\/quartierdelapoya.ch\/de\/am-12-september-erleben-sie-den-tag-der-moeglichkeiten-in-la-fabrique\/\"},\"author\":{\"name\":\"gael@plurial.net\",\"@id\":\"https:\/\/quartierdelapoya.ch\/#\/schema\/person\/4eee17e21dfcbe571232f0e09449b4d9\"},\"headline\":\"Am 12. September: Erleben Sie den \u00abTag der M\u00f6glichkeiten\u00bb in La Fabrique\",\"datePublished\":\"2026-09-04T08:52:25+00:00\",\"dateModified\":\"2026-09-04T09:24:21+00:00\",\"mainEntityOfPage\":{\"@id\":\"https:\/\/quartierdelapoya.ch\/de\/am-12-september-erleben-sie-den-tag-der-moeglichkeiten-in-la-fabrique\/\"},\"wordCount\":231,\"publisher\":{\"@id\":\"https:\/\/quartierdelapoya.ch\/#organization\"},\"image\":{\"@id\":\"https:\/\/quartierdelapoya.ch\/de\/am-12-september-erleben-sie-den-tag-der-moeglichkeiten-in-la-fabrique\/#primaryimage\"},\"thumbnailUrl\":\"https:\/\/quartierdelapoya.ch\/wp-content\/uploads\/2026\/09\/14425_ETAT_DE_FRIBOURG_La_Fabrique_WEB.jpg\",\"articleSection\":[\"Unkategorisiert\"],\"inLanguage\":\"de\"},{\"@type\":\"WebPage\",\"@id\":\"https:\/\/quartierdelapoya.ch\/de\/am-12-september-erleben-sie-den-tag-der-moeglichkeiten-in-la-fabrique\/\",\"url\":\"https:\/\/quartierdelapoya.ch\/de\/am-12-september-erleben-sie-den-tag-der-moeglichkeiten-in-la-fabrique\/\",\"name\":\"Am 12. September: Erleben Sie den \u00abTag der M\u00f6glichkeiten\u00bb in La Fabrique &#8226; Quartier de la Poya\",\"isPartOf\":{\"@id\":\"https:\/\/quartierdelapoya.ch\/#website\"},\"primaryImageOfPage\":{\"@id\":\"https:\/\/quartierdelapoya.ch\/de\/am-12-september-erleben-sie-den-tag-der-moeglichkeiten-in-la-fabrique\/#primaryimage\"},\"image\":{\"@id\":\"https:\/\/quartierdelapoya.ch\/de\/am-12-september-erleben-sie-den-tag-der-moeglichkeiten-in-la-fabrique\/#primaryimage\"},\"thumbnailUrl\":\"https:\/\/quartierdelapoya.ch\/wp-content\/uploads\/2026\/09\/14425_ETAT_DE_FRIBOURG_La_Fabrique_WEB.jpg\",\"datePublished\":\"2026-09-04T08:52:25+00:00\",\"dateModified\":\"2026-09-04T09:24:21+00:00\",\"breadcrumb\":{\"@id\":\"https:\/\/quartierdelapoya.ch\/de\/am-12-september-erleben-sie-den-tag-der-moeglichkeiten-in-la-fabrique\/#breadcrumb\"},\"inLanguage\":\"de\",\"potentialAction\":[{\"@type\":\"ReadAction\",\"target\":[\"https:\/\/quartierdelapoya.ch\/de\/am-12-september-erleben-sie-den-tag-der-moeglichkeiten-in-la-fabrique\/\"]}]},{\"@type\":\"ImageObject\",\"inLanguage\":\"de\",\"@id\":\"https:\/\/quartierdelapoya.ch\/de\/am-12-september-erleben-sie-den-tag-der-moeglichkeiten-in-la-fabrique\/#primaryimage\",\"url\":\"https:\/\/quartierdelapoya.ch\/wp-content\/uploads\/2026\/09\/14425_ETAT_DE_FRIBOURG_La_Fabrique_WEB.jpg\",\"contentUrl\":\"https:\/\/quartierdelapoya.ch\/wp-content\/uploads\/2026\/09\/14425_ETAT_DE_FRIBOURG_La_Fabrique_WEB.jpg\",\"width\":606,\"height\":500},{\"@type\":\"BreadcrumbList\",\"@id\":\"https:\/\/quartierdelapoya.ch\/de\/am-12-september-erleben-sie-den-tag-der-moeglichkeiten-in-la-fabrique\/#breadcrumb\",\"itemListElement\":[{\"@type\":\"ListItem\",\"position\":1,\"name\":\"Accueil\",\"item\":\"https:\/\/quartierdelapoya.ch\/de\/\"},{\"@type\":\"ListItem\",\"position\":2,\"name\":\"Am 12. September: Erleben Sie den \u00abTag der M\u00f6glichkeiten\u00bb in La Fabrique\"}]},{\"@type\":\"WebSite\",\"@id\":\"https:\/\/quartierdelapoya.ch\/#website\",\"url\":\"https:\/\/quartierdelapoya.ch\/\",\"name\":\"Quartier de la Poya\",\"description\":\"R\u00e9inventons ensemble la Poya!\",\"publisher\":{\"@id\":\"https:\/\/quartierdelapoya.ch\/#organization\"},\"potentialAction\":[{\"@type\":\"SearchAction\",\"target\":{\"@type\":\"EntryPoint\",\"urlTemplate\":\"https:\/\/quartierdelapoya.ch\/?s={search_term_string}\"},\"query-input\":{\"@type\":\"PropertyValueSpecification\",\"valueRequired\":true,\"valueName\":\"search_term_string\"}}],\"inLanguage\":\"de\"},{\"@type\":\"Organization\",\"@id\":\"https:\/\/quartierdelapoya.ch\/#organization\",\"name\":\"Quartier de la Poya\",\"url\":\"https:\/\/quartierdelapoya.ch\/\",\"logo\":{\"@type\":\"ImageObject\",\"inLanguage\":\"de\",\"@id\":\"https:\/\/quartierdelapoya.ch\/#\/schema\/logo\/image\/\",\"url\":\"https:\/\/quartierdelapoya.ch\/wp-content\/uploads\/2024\/03\/LOGO_Etat-Fribourg.png\",\"contentUrl\":\"https:\/\/quartierdelapoya.ch\/wp-content\/uploads\/2024\/03\/LOGO_Etat-Fribourg.png\",\"width\":696,\"height\":696,\"caption\":\"Quartier de la Poya\"},\"image\":{\"@id\":\"https:\/\/quartierdelapoya.ch\/#\/schema\/logo\/image\/\"}},{\"@type\":\"Person\",\"@id\":\"https:\/\/quartierdelapoya.ch\/#\/schema\/person\/4eee17e21dfcbe571232f0e09449b4d9\",\"name\":\"gael@plurial.net\",\"image\":{\"@type\":\"ImageObject\",\"inLanguage\":\"de\",\"@id\":\"https:\/\/quartierdelapoya.ch\/#\/schema\/person\/image\/\",\"url\":\"https:\/\/secure.gravatar.com\/avatar\/3f05c6d90da2cc188e95151a8678eb70?s=96&d=mm&r=g\",\"contentUrl\":\"https:\/\/secure.gravatar.com\/avatar\/3f05c6d90da2cc188e95151a8678eb70?s=96&d=mm&r=g\",\"caption\":\"gael@plurial.net\"},\"url\":\"https:\/\/quartierdelapoya.ch\/de\/author\/gaelplurial-net\/\"}]}<\/script>\n<!-- \/ Yoast SEO plugin. -->","yoast_head_json":{"title":"Am 12. September: Erleben Sie den \u00abTag der M\u00f6glichkeiten\u00bb in La Fabrique &#8226; Quartier de la Poya","robots":{"index":"index","follow":"follow","max-snippet":"max-snippet:-1","max-image-preview":"max-image-preview:large","max-video-preview":"max-video-preview:-1"},"canonical":"https:\/\/quartierdelapoya.ch\/de\/am-12-september-erleben-sie-den-tag-der-moeglichkeiten-in-la-fabrique\/","og_locale":"de_DE","og_type":"article","og_title":"Am 12. September: Erleben Sie den \u00abTag der M\u00f6glichkeiten\u00bb in La Fabrique &#8226; Quartier de la Poya","og_description":"Am Samstag, 12. September 2026, von 10 bis 16 Uhr l\u00e4dt La Fabrique zu einem festlichen, partizipativen Tag ein, der allen offensteht und den \u00abPasseport des possibles\u00bb geb\u00fchrend abschliesst. Nach einem Sommer im Zeichen der Entdeckung und der Kreislaufwirtschaft sind Kinder und Erwachsene eingeladen, sich in La Fabrique zu treffen und gemeinsam konkrete und leicht [&hellip;]","og_url":"https:\/\/quartierdelapoya.ch\/de\/am-12-september-erleben-sie-den-tag-der-moeglichkeiten-in-la-fabrique\/","og_site_name":"Quartier de la Poya","article_published_time":"2026-09-04T08:52:25+00:00","article_modified_time":"2026-09-04T09:24:21+00:00","og_image":[{"width":606,"height":500,"url":"https:\/\/quartierdelapoya.ch\/wp-content\/uploads\/2026\/09\/14425_ETAT_DE_FRIBOURG_La_Fabrique_WEB.jpg","type":"image\/jpeg"}],"author":"gael@plurial.net","twitter_card":"summary_large_image","twitter_misc":{"Verfasst von":"gael@plurial.net","Gesch\u00e4tzte Lesezeit":"2\u00a0Minuten"},"schema":{"@context":"https:\/\/schema.org","@graph":[{"@type":"Article","@id":"https:\/\/quartierdelapoya.ch\/de\/am-12-september-erleben-sie-den-tag-der-moeglichkeiten-in-la-fabrique\/#article","isPartOf":{"@id":"https:\/\/quartierdelapoya.ch\/de\/am-12-september-erleben-sie-den-tag-der-moeglichkeiten-in-la-fabrique\/"},"author":{"name":"gael@plurial.net","@id":"https:\/\/quartierdelapoya.ch\/#\/schema\/person\/4eee17e21dfcbe571232f0e09449b4d9"},"headline":"Am 12. September: Erleben Sie den \u00abTag der M\u00f6glichkeiten\u00bb in La Fabrique","datePublished":"2026-09-04T08:52:25+00:00","dateModified":"2026-09-04T09:24:21+00:00","mainEntityOfPage":{"@id":"https:\/\/quartierdelapoya.ch\/de\/am-12-september-erleben-sie-den-tag-der-moeglichkeiten-in-la-fabrique\/"},"wordCount":231,"publisher":{"@id":"https:\/\/quartierdelapoya.ch\/#organization"},"image":{"@id":"https:\/\/quartierdelapoya.ch\/de\/am-12-september-erleben-sie-den-tag-der-moeglichkeiten-in-la-fabrique\/#primaryimage"},"thumbnailUrl":"https:\/\/quartierdelapoya.ch\/wp-content\/uploads\/2026\/09\/14425_ETAT_DE_FRIBOURG_La_Fabrique_WEB.jpg","articleSection":["Unkategorisiert"],"inLanguage":"de"},{"@type":"WebPage","@id":"https:\/\/quartierdelapoya.ch\/de\/am-12-september-erleben-sie-den-tag-der-moeglichkeiten-in-la-fabrique\/","url":"https:\/\/quartierdelapoya.ch\/de\/am-12-september-erleben-sie-den-tag-der-moeglichkeiten-in-la-fabrique\/","name":"Am 12. September: Erleben Sie den \u00abTag der M\u00f6glichkeiten\u00bb in La Fabrique &#8226; Quartier de la Poya","isPartOf":{"@id":"https:\/\/quartierdelapoya.ch\/#website"},"primaryImageOfPage":{"@id":"https:\/\/quartierdelapoya.ch\/de\/am-12-september-erleben-sie-den-tag-der-moeglichkeiten-in-la-fabrique\/#primaryimage"},"image":{"@id":"https:\/\/quartierdelapoya.ch\/de\/am-12-september-erleben-sie-den-tag-der-moeglichkeiten-in-la-fabrique\/#primaryimage"},"thumbnailUrl":"https:\/\/quartierdelapoya.ch\/wp-content\/uploads\/2026\/09\/14425_ETAT_DE_FRIBOURG_La_Fabrique_WEB.jpg","datePublished":"2026-09-04T08:52:25+00:00","dateModified":"2026-09-04T09:24:21+00:00","breadcrumb":{"@id":"https:\/\/quartierdelapoya.ch\/de\/am-12-september-erleben-sie-den-tag-der-moeglichkeiten-in-la-fabrique\/#breadcrumb"},"inLanguage":"de","potentialAction":[{"@type":"ReadAction","target":["https:\/\/quartierdelapoya.ch\/de\/am-12-september-erleben-sie-den-tag-der-moeglichkeiten-in-la-fabrique\/"]}]},{"@type":"ImageObject","inLanguage":"de","@id":"https:\/\/quartierdelapoya.ch\/de\/am-12-september-erleben-sie-den-tag-der-moeglichkeiten-in-la-fabrique\/#primaryimage","url":"https:\/\/quartierdelapoya.ch\/wp-content\/uploads\/2026\/09\/14425_ETAT_DE_FRIBOURG_La_Fabrique_WEB.jpg","contentUrl":"https:\/\/quartierdelapoya.ch\/wp-content\/uploads\/2026\/09\/14425_ETAT_DE_FRIBOURG_La_Fabrique_WEB.jpg","width":606,"height":500},{"@type":"BreadcrumbList","@id":"https:\/\/quartierdelapoya.ch\/de\/am-12-september-erleben-sie-den-tag-der-moeglichkeiten-in-la-fabrique\/#breadcrumb","itemListElement":[{"@type":"ListItem","position":1,"name":"Accueil","item":"https:\/\/quartierdelapoya.ch\/de\/"},{"@type":"ListItem","position":2,"name":"Am 12. September: Erleben Sie den \u00abTag der M\u00f6glichkeiten\u00bb in La Fabrique"}]},{"@type":"WebSite","@id":"https:\/\/quartierdelapoya.ch\/#website","url":"https:\/\/quartierdelapoya.ch\/","name":"Quartier de la Poya","description":"R\u00e9inventons ensemble la Poya!","publisher":{"@id":"https:\/\/quartierdelapoya.ch\/#organization"},"potentialAction":[{"@type":"SearchAction","target":{"@type":"EntryPoint","urlTemplate":"https:\/\/quartierdelapoya.ch\/?s={search_term_string}"},"query-input":{"@type":"PropertyValueSpecification","valueRequired":true,"valueName":"search_term_string"}}],"inLanguage":"de"},{"@type":"Organization","@id":"https:\/\/quartierdelapoya.ch\/#organization","name":"Quartier de la Poya","url":"https:\/\/quartierdelapoya.ch\/","logo":{"@type":"ImageObject","inLanguage":"de","@id":"https:\/\/quartierdelapoya.ch\/#\/schema\/logo\/image\/","url":"https:\/\/quartierdelapoya.ch\/wp-content\/uploads\/2024\/03\/LOGO_Etat-Fribourg.png","contentUrl":"https:\/\/quartierdelapoya.ch\/wp-content\/uploads\/2024\/03\/LOGO_Etat-Fribourg.png","width":696,"height":696,"caption":"Quartier de la Poya"},"image":{"@id":"https:\/\/quartierdelapoya.ch\/#\/schema\/logo\/image\/"}},{"@type":"Person","@id":"https:\/\/quartierdelapoya.ch\/#\/schema\/person\/4eee17e21dfcbe571232f0e09449b4d9","name":"gael@plurial.net","image":{"@type":"ImageObject","inLanguage":"de","@id":"https:\/\/quartierdelapoya.ch\/#\/schema\/person\/image\/","url":"https:\/\/secure.gravatar.com\/avatar\/3f05c6d90da2cc188e95151a8678eb70?s=96&d=mm&r=g","contentUrl":"https:\/\/secure.gravatar.com\/avatar\/3f05c6d90da2cc188e95151a8678eb70?s=96&d=mm&r=g","caption":"gael@plurial.net"},"url":"https:\/\/quartierdelapoya.ch\/de\/author\/gaelplurial-net\/"}]}},"_links":{"self":[{"href":"https:\/\/quartierdelapoya.ch\/de\/wp-json\/wp\/v2\/posts\/3691","targetHints":{"allow":["GET"]}}],"collection":[{"href":"https:\/\/quartierdelapoya.ch\/de\/wp-json\/wp\/v2\/posts"}],"about":[{"href":"https:\/\/quartierdelapoya.ch\/de\/wp-json\/wp\/v2\/types\/post"}],"author":[{"embeddable":true,"href":"https:\/\/quartierdelapoya.ch\/de\/wp-json\/wp\/v2\/users\/2"}],"replies":[{"embeddable":true,"href":"https:\/\/quartierdelapoya.ch\/de\/wp-json\/wp\/v2\/comments?post=3691"}],"version-history":[{"count":4,"href":"https:\/\/quartierdelapoya.ch\/de\/wp-json\/wp\/v2\/posts\/3691\/revisions"}],"predecessor-version":[{"id":3699,"href":"https:\/\/quartierdelapoya.ch\/de\/wp-json\/wp\/v2\/posts\/3691\/revisions\/3699"}],"wp:featuredmedia":[{"embeddable":true,"href":"https:\/\/quartierdelapoya.ch\/de\/wp-json\/wp\/v2\/media\/3684"}],"wp:attachment":[{"href":"https:\/\/quartierdelapoya.ch\/de\/wp-json\/wp\/v2\/media?parent=3691"}],"wp:term":[{"taxonomy":"category","embeddable":true,"href":"https:\/\/quartierdelapoya.ch\/de\/wp-json\/wp\/v2\/categories?post=3691"},{"taxonomy":"post_tag","embeddable":true,"href":"https:\/\/quartierdelapoya.ch\/de\/wp-json\/wp\/v2\/tags?post=3691"}],"curies":[{"name":"wp","href":"https:\/\/api.w.org\/{rel}","templated":true}]}}