{"id":2996,"date":"2026-04-10T07:54:18","date_gmt":"2026-04-10T07:54:18","guid":{"rendered":"https:\/\/quartierdelapoya.ch\/?p=2996"},"modified":"2026-04-13T11:34:05","modified_gmt":"2026-04-13T11:34:05","slug":"kuenstler-aus-dem-poya-quartier-bald-bei-der-art-paris","status":"publish","type":"post","link":"https:\/\/quartierdelapoya.ch\/de\/kuenstler-aus-dem-poya-quartier-bald-bei-der-art-paris\/","title":{"rendered":"K\u00fcnstler aus dem Poya-Quartier bald bei der Art Paris"},"content":{"rendered":"<p>In seinem Atelier auf dem Poya-Areal erschafft der Bildhauer Emmanuel Lendenmann eine k\u00fcnstlerische Welt, in der Metall, Licht und Kontraste eine zentrale Rolle spielen. Mit seinen Werken m\u00f6chte er Emotionen wecken und seine ganz pers\u00f6nliche Sicht auf die Welt vermitteln.<\/p>\n<p>Das Poya-Quartier ist stolz darauf, einen K\u00fcnstler in seiner Mitte zu haben, dessen Arbeit weit \u00fcber die Grenzen Freiburgs hinausstrahlt. Seine Teilnahme an der Kunstmesse Art Paris ist eine angemessene W\u00fcrdigung seines Schaffens und seiner k\u00fcnstlerischen Sensibilit\u00e4t.<\/p>\n<p><a class=\"button\" href=\"https:\/\/quartierdelapoya.ch\/wp-content\/uploads\/2026\/04\/14285_ETAT_DE_FRIBOURG_Actualite_Sculpteur_GALERIE_new.pdf\" target=\"_blank\" rel=\"noopener\">Seine Welt entdecken<\/a><\/p>\n","protected":false},"excerpt":{"rendered":"<p>In seinem Atelier auf dem Poya-Areal erschafft der Bildhauer Emmanuel Lendenmann eine k\u00fcnstlerische Welt, in der Metall, Licht und Kontraste eine zentrale Rolle spielen. Mit seinen Werken m\u00f6chte er Emotionen wecken und seine ganz pers\u00f6nliche Sicht auf die Welt vermitteln. Das Poya-Quartier ist stolz darauf, einen K\u00fcnstler in seiner Mitte zu haben, dessen Arbeit weit [&hellip;]<\/p>\n","protected":false},"author":2,"featured_media":2990,"comment_status":"closed","ping_status":"closed","sticky":false,"template":"","format":"standard","meta":{"_acf_changed":false,"footnotes":""},"categories":[2],"tags":[],"class_list":["post-2996","post","type-post","status-publish","format-standard","hentry","category-unkategorisiert"],"acf":[],"yoast_head":"<!-- This site is optimized with the Yoast SEO plugin v24.3 - https:\/\/yoast.com\/wordpress\/plugins\/seo\/ -->\n<title>K\u00fcnstler aus dem Poya-Quartier bald bei der Art Paris &#8226; Quartier de la Poya<\/title>\n<meta name=\"robots\" content=\"index, follow, max-snippet:-1, max-image-preview:large, max-video-preview:-1\" \/>\n<link rel=\"canonical\" href=\"https:\/\/quartierdelapoya.ch\/de\/kuenstler-aus-dem-poya-quartier-bald-bei-der-art-paris\/\" \/>\n<meta property=\"og:locale\" content=\"de_DE\" \/>\n<meta property=\"og:type\" content=\"article\" \/>\n<meta property=\"og:title\" content=\"K\u00fcnstler aus dem Poya-Quartier bald bei der Art Paris &#8226; Quartier de la Poya\" \/>\n<meta property=\"og:description\" content=\"In seinem Atelier auf dem Poya-Areal erschafft der Bildhauer Emmanuel Lendenmann eine k\u00fcnstlerische Welt, in der Metall, Licht und Kontraste eine zentrale Rolle spielen. Mit seinen Werken m\u00f6chte er Emotionen wecken und seine ganz pers\u00f6nliche Sicht auf die Welt vermitteln. Das Poya-Quartier ist stolz darauf, einen K\u00fcnstler in seiner Mitte zu haben, dessen Arbeit weit [&hellip;]\" \/>\n<meta property=\"og:url\" content=\"https:\/\/quartierdelapoya.ch\/de\/kuenstler-aus-dem-poya-quartier-bald-bei-der-art-paris\/\" \/>\n<meta property=\"og:site_name\" content=\"Quartier de la Poya\" \/>\n<meta property=\"article:published_time\" content=\"2026-04-10T07:54:18+00:00\" \/>\n<meta property=\"article:modified_time\" content=\"2026-04-13T11:34:05+00:00\" \/>\n<meta property=\"og:image\" content=\"https:\/\/quartierdelapoya.ch\/wp-content\/uploads\/2026\/04\/14285_ETAT_DE_FRIBOURG_Actualite_Sculpteur_WEB.jpg\" \/>\n\t<meta property=\"og:image:width\" content=\"606\" \/>\n\t<meta property=\"og:image:height\" content=\"500\" \/>\n\t<meta property=\"og:image:type\" content=\"image\/jpeg\" \/>\n<meta name=\"author\" content=\"gael@plurial.net\" \/>\n<meta name=\"twitter:card\" content=\"summary_large_image\" \/>\n<meta name=\"twitter:label1\" content=\"Verfasst von\" \/>\n\t<meta name=\"twitter:data1\" content=\"gael@plurial.net\" \/>\n\t<meta name=\"twitter:label2\" content=\"Gesch\u00e4tzte Lesezeit\" \/>\n\t<meta name=\"twitter:data2\" content=\"1\u00a0Minute\" \/>\n<script type=\"application\/ld+json\" class=\"yoast-schema-graph\">{\"@context\":\"https:\/\/schema.org\",\"@graph\":[{\"@type\":\"Article\",\"@id\":\"https:\/\/quartierdelapoya.ch\/de\/kuenstler-aus-dem-poya-quartier-bald-bei-der-art-paris\/#article\",\"isPartOf\":{\"@id\":\"https:\/\/quartierdelapoya.ch\/de\/kuenstler-aus-dem-poya-quartier-bald-bei-der-art-paris\/\"},\"author\":{\"name\":\"gael@plurial.net\",\"@id\":\"https:\/\/quartierdelapoya.ch\/#\/schema\/person\/4eee17e21dfcbe571232f0e09449b4d9\"},\"headline\":\"K\u00fcnstler aus dem Poya-Quartier bald bei der Art Paris\",\"datePublished\":\"2026-04-10T07:54:18+00:00\",\"dateModified\":\"2026-04-13T11:34:05+00:00\",\"mainEntityOfPage\":{\"@id\":\"https:\/\/quartierdelapoya.ch\/de\/kuenstler-aus-dem-poya-quartier-bald-bei-der-art-paris\/\"},\"wordCount\":97,\"publisher\":{\"@id\":\"https:\/\/quartierdelapoya.ch\/#organization\"},\"image\":{\"@id\":\"https:\/\/quartierdelapoya.ch\/de\/kuenstler-aus-dem-poya-quartier-bald-bei-der-art-paris\/#primaryimage\"},\"thumbnailUrl\":\"https:\/\/quartierdelapoya.ch\/wp-content\/uploads\/2026\/04\/14285_ETAT_DE_FRIBOURG_Actualite_Sculpteur_WEB.jpg\",\"articleSection\":[\"Unkategorisiert\"],\"inLanguage\":\"de\"},{\"@type\":\"WebPage\",\"@id\":\"https:\/\/quartierdelapoya.ch\/de\/kuenstler-aus-dem-poya-quartier-bald-bei-der-art-paris\/\",\"url\":\"https:\/\/quartierdelapoya.ch\/de\/kuenstler-aus-dem-poya-quartier-bald-bei-der-art-paris\/\",\"name\":\"K\u00fcnstler aus dem Poya-Quartier bald bei der Art Paris &#8226; Quartier de la Poya\",\"isPartOf\":{\"@id\":\"https:\/\/quartierdelapoya.ch\/#website\"},\"primaryImageOfPage\":{\"@id\":\"https:\/\/quartierdelapoya.ch\/de\/kuenstler-aus-dem-poya-quartier-bald-bei-der-art-paris\/#primaryimage\"},\"image\":{\"@id\":\"https:\/\/quartierdelapoya.ch\/de\/kuenstler-aus-dem-poya-quartier-bald-bei-der-art-paris\/#primaryimage\"},\"thumbnailUrl\":\"https:\/\/quartierdelapoya.ch\/wp-content\/uploads\/2026\/04\/14285_ETAT_DE_FRIBOURG_Actualite_Sculpteur_WEB.jpg\",\"datePublished\":\"2026-04-10T07:54:18+00:00\",\"dateModified\":\"2026-04-13T11:34:05+00:00\",\"breadcrumb\":{\"@id\":\"https:\/\/quartierdelapoya.ch\/de\/kuenstler-aus-dem-poya-quartier-bald-bei-der-art-paris\/#breadcrumb\"},\"inLanguage\":\"de\",\"potentialAction\":[{\"@type\":\"ReadAction\",\"target\":[\"https:\/\/quartierdelapoya.ch\/de\/kuenstler-aus-dem-poya-quartier-bald-bei-der-art-paris\/\"]}]},{\"@type\":\"ImageObject\",\"inLanguage\":\"de\",\"@id\":\"https:\/\/quartierdelapoya.ch\/de\/kuenstler-aus-dem-poya-quartier-bald-bei-der-art-paris\/#primaryimage\",\"url\":\"https:\/\/quartierdelapoya.ch\/wp-content\/uploads\/2026\/04\/14285_ETAT_DE_FRIBOURG_Actualite_Sculpteur_WEB.jpg\",\"contentUrl\":\"https:\/\/quartierdelapoya.ch\/wp-content\/uploads\/2026\/04\/14285_ETAT_DE_FRIBOURG_Actualite_Sculpteur_WEB.jpg\",\"width\":606,\"height\":500},{\"@type\":\"BreadcrumbList\",\"@id\":\"https:\/\/quartierdelapoya.ch\/de\/kuenstler-aus-dem-poya-quartier-bald-bei-der-art-paris\/#breadcrumb\",\"itemListElement\":[{\"@type\":\"ListItem\",\"position\":1,\"name\":\"Accueil\",\"item\":\"https:\/\/quartierdelapoya.ch\/de\/\"},{\"@type\":\"ListItem\",\"position\":2,\"name\":\"K\u00fcnstler aus dem Poya-Quartier bald bei der Art Paris\"}]},{\"@type\":\"WebSite\",\"@id\":\"https:\/\/quartierdelapoya.ch\/#website\",\"url\":\"https:\/\/quartierdelapoya.ch\/\",\"name\":\"Quartier de la Poya\",\"description\":\"R\u00e9inventons ensemble la Poya!\",\"publisher\":{\"@id\":\"https:\/\/quartierdelapoya.ch\/#organization\"},\"potentialAction\":[{\"@type\":\"SearchAction\",\"target\":{\"@type\":\"EntryPoint\",\"urlTemplate\":\"https:\/\/quartierdelapoya.ch\/?s={search_term_string}\"},\"query-input\":{\"@type\":\"PropertyValueSpecification\",\"valueRequired\":true,\"valueName\":\"search_term_string\"}}],\"inLanguage\":\"de\"},{\"@type\":\"Organization\",\"@id\":\"https:\/\/quartierdelapoya.ch\/#organization\",\"name\":\"Quartier de la Poya\",\"url\":\"https:\/\/quartierdelapoya.ch\/\",\"logo\":{\"@type\":\"ImageObject\",\"inLanguage\":\"de\",\"@id\":\"https:\/\/quartierdelapoya.ch\/#\/schema\/logo\/image\/\",\"url\":\"https:\/\/quartierdelapoya.ch\/wp-content\/uploads\/2024\/03\/LOGO_Etat-Fribourg.png\",\"contentUrl\":\"https:\/\/quartierdelapoya.ch\/wp-content\/uploads\/2024\/03\/LOGO_Etat-Fribourg.png\",\"width\":696,\"height\":696,\"caption\":\"Quartier de la Poya\"},\"image\":{\"@id\":\"https:\/\/quartierdelapoya.ch\/#\/schema\/logo\/image\/\"}},{\"@type\":\"Person\",\"@id\":\"https:\/\/quartierdelapoya.ch\/#\/schema\/person\/4eee17e21dfcbe571232f0e09449b4d9\",\"name\":\"gael@plurial.net\",\"image\":{\"@type\":\"ImageObject\",\"inLanguage\":\"de\",\"@id\":\"https:\/\/quartierdelapoya.ch\/#\/schema\/person\/image\/\",\"url\":\"https:\/\/secure.gravatar.com\/avatar\/3f05c6d90da2cc188e95151a8678eb70?s=96&d=mm&r=g\",\"contentUrl\":\"https:\/\/secure.gravatar.com\/avatar\/3f05c6d90da2cc188e95151a8678eb70?s=96&d=mm&r=g\",\"caption\":\"gael@plurial.net\"},\"url\":\"https:\/\/quartierdelapoya.ch\/de\/author\/gaelplurial-net\/\"}]}<\/script>\n<!-- \/ Yoast SEO plugin. -->","yoast_head_json":{"title":"K\u00fcnstler aus dem Poya-Quartier bald bei der Art Paris &#8226; Quartier de la Poya","robots":{"index":"index","follow":"follow","max-snippet":"max-snippet:-1","max-image-preview":"max-image-preview:large","max-video-preview":"max-video-preview:-1"},"canonical":"https:\/\/quartierdelapoya.ch\/de\/kuenstler-aus-dem-poya-quartier-bald-bei-der-art-paris\/","og_locale":"de_DE","og_type":"article","og_title":"K\u00fcnstler aus dem Poya-Quartier bald bei der Art Paris &#8226; Quartier de la Poya","og_description":"In seinem Atelier auf dem Poya-Areal erschafft der Bildhauer Emmanuel Lendenmann eine k\u00fcnstlerische Welt, in der Metall, Licht und Kontraste eine zentrale Rolle spielen. Mit seinen Werken m\u00f6chte er Emotionen wecken und seine ganz pers\u00f6nliche Sicht auf die Welt vermitteln. Das Poya-Quartier ist stolz darauf, einen K\u00fcnstler in seiner Mitte zu haben, dessen Arbeit weit [&hellip;]","og_url":"https:\/\/quartierdelapoya.ch\/de\/kuenstler-aus-dem-poya-quartier-bald-bei-der-art-paris\/","og_site_name":"Quartier de la Poya","article_published_time":"2026-04-10T07:54:18+00:00","article_modified_time":"2026-04-13T11:34:05+00:00","og_image":[{"width":606,"height":500,"url":"https:\/\/quartierdelapoya.ch\/wp-content\/uploads\/2026\/04\/14285_ETAT_DE_FRIBOURG_Actualite_Sculpteur_WEB.jpg","type":"image\/jpeg"}],"author":"gael@plurial.net","twitter_card":"summary_large_image","twitter_misc":{"Verfasst von":"gael@plurial.net","Gesch\u00e4tzte Lesezeit":"1\u00a0Minute"},"schema":{"@context":"https:\/\/schema.org","@graph":[{"@type":"Article","@id":"https:\/\/quartierdelapoya.ch\/de\/kuenstler-aus-dem-poya-quartier-bald-bei-der-art-paris\/#article","isPartOf":{"@id":"https:\/\/quartierdelapoya.ch\/de\/kuenstler-aus-dem-poya-quartier-bald-bei-der-art-paris\/"},"author":{"name":"gael@plurial.net","@id":"https:\/\/quartierdelapoya.ch\/#\/schema\/person\/4eee17e21dfcbe571232f0e09449b4d9"},"headline":"K\u00fcnstler aus dem Poya-Quartier bald bei der Art Paris","datePublished":"2026-04-10T07:54:18+00:00","dateModified":"2026-04-13T11:34:05+00:00","mainEntityOfPage":{"@id":"https:\/\/quartierdelapoya.ch\/de\/kuenstler-aus-dem-poya-quartier-bald-bei-der-art-paris\/"},"wordCount":97,"publisher":{"@id":"https:\/\/quartierdelapoya.ch\/#organization"},"image":{"@id":"https:\/\/quartierdelapoya.ch\/de\/kuenstler-aus-dem-poya-quartier-bald-bei-der-art-paris\/#primaryimage"},"thumbnailUrl":"https:\/\/quartierdelapoya.ch\/wp-content\/uploads\/2026\/04\/14285_ETAT_DE_FRIBOURG_Actualite_Sculpteur_WEB.jpg","articleSection":["Unkategorisiert"],"inLanguage":"de"},{"@type":"WebPage","@id":"https:\/\/quartierdelapoya.ch\/de\/kuenstler-aus-dem-poya-quartier-bald-bei-der-art-paris\/","url":"https:\/\/quartierdelapoya.ch\/de\/kuenstler-aus-dem-poya-quartier-bald-bei-der-art-paris\/","name":"K\u00fcnstler aus dem Poya-Quartier bald bei der Art Paris &#8226; Quartier de la Poya","isPartOf":{"@id":"https:\/\/quartierdelapoya.ch\/#website"},"primaryImageOfPage":{"@id":"https:\/\/quartierdelapoya.ch\/de\/kuenstler-aus-dem-poya-quartier-bald-bei-der-art-paris\/#primaryimage"},"image":{"@id":"https:\/\/quartierdelapoya.ch\/de\/kuenstler-aus-dem-poya-quartier-bald-bei-der-art-paris\/#primaryimage"},"thumbnailUrl":"https:\/\/quartierdelapoya.ch\/wp-content\/uploads\/2026\/04\/14285_ETAT_DE_FRIBOURG_Actualite_Sculpteur_WEB.jpg","datePublished":"2026-04-10T07:54:18+00:00","dateModified":"2026-04-13T11:34:05+00:00","breadcrumb":{"@id":"https:\/\/quartierdelapoya.ch\/de\/kuenstler-aus-dem-poya-quartier-bald-bei-der-art-paris\/#breadcrumb"},"inLanguage":"de","potentialAction":[{"@type":"ReadAction","target":["https:\/\/quartierdelapoya.ch\/de\/kuenstler-aus-dem-poya-quartier-bald-bei-der-art-paris\/"]}]},{"@type":"ImageObject","inLanguage":"de","@id":"https:\/\/quartierdelapoya.ch\/de\/kuenstler-aus-dem-poya-quartier-bald-bei-der-art-paris\/#primaryimage","url":"https:\/\/quartierdelapoya.ch\/wp-content\/uploads\/2026\/04\/14285_ETAT_DE_FRIBOURG_Actualite_Sculpteur_WEB.jpg","contentUrl":"https:\/\/quartierdelapoya.ch\/wp-content\/uploads\/2026\/04\/14285_ETAT_DE_FRIBOURG_Actualite_Sculpteur_WEB.jpg","width":606,"height":500},{"@type":"BreadcrumbList","@id":"https:\/\/quartierdelapoya.ch\/de\/kuenstler-aus-dem-poya-quartier-bald-bei-der-art-paris\/#breadcrumb","itemListElement":[{"@type":"ListItem","position":1,"name":"Accueil","item":"https:\/\/quartierdelapoya.ch\/de\/"},{"@type":"ListItem","position":2,"name":"K\u00fcnstler aus dem Poya-Quartier bald bei der Art Paris"}]},{"@type":"WebSite","@id":"https:\/\/quartierdelapoya.ch\/#website","url":"https:\/\/quartierdelapoya.ch\/","name":"Quartier de la Poya","description":"R\u00e9inventons ensemble la Poya!","publisher":{"@id":"https:\/\/quartierdelapoya.ch\/#organization"},"potentialAction":[{"@type":"SearchAction","target":{"@type":"EntryPoint","urlTemplate":"https:\/\/quartierdelapoya.ch\/?s={search_term_string}"},"query-input":{"@type":"PropertyValueSpecification","valueRequired":true,"valueName":"search_term_string"}}],"inLanguage":"de"},{"@type":"Organization","@id":"https:\/\/quartierdelapoya.ch\/#organization","name":"Quartier de la Poya","url":"https:\/\/quartierdelapoya.ch\/","logo":{"@type":"ImageObject","inLanguage":"de","@id":"https:\/\/quartierdelapoya.ch\/#\/schema\/logo\/image\/","url":"https:\/\/quartierdelapoya.ch\/wp-content\/uploads\/2024\/03\/LOGO_Etat-Fribourg.png","contentUrl":"https:\/\/quartierdelapoya.ch\/wp-content\/uploads\/2024\/03\/LOGO_Etat-Fribourg.png","width":696,"height":696,"caption":"Quartier de la Poya"},"image":{"@id":"https:\/\/quartierdelapoya.ch\/#\/schema\/logo\/image\/"}},{"@type":"Person","@id":"https:\/\/quartierdelapoya.ch\/#\/schema\/person\/4eee17e21dfcbe571232f0e09449b4d9","name":"gael@plurial.net","image":{"@type":"ImageObject","inLanguage":"de","@id":"https:\/\/quartierdelapoya.ch\/#\/schema\/person\/image\/","url":"https:\/\/secure.gravatar.com\/avatar\/3f05c6d90da2cc188e95151a8678eb70?s=96&d=mm&r=g","contentUrl":"https:\/\/secure.gravatar.com\/avatar\/3f05c6d90da2cc188e95151a8678eb70?s=96&d=mm&r=g","caption":"gael@plurial.net"},"url":"https:\/\/quartierdelapoya.ch\/de\/author\/gaelplurial-net\/"}]}},"_links":{"self":[{"href":"https:\/\/quartierdelapoya.ch\/de\/wp-json\/wp\/v2\/posts\/2996","targetHints":{"allow":["GET"]}}],"collection":[{"href":"https:\/\/quartierdelapoya.ch\/de\/wp-json\/wp\/v2\/posts"}],"about":[{"href":"https:\/\/quartierdelapoya.ch\/de\/wp-json\/wp\/v2\/types\/post"}],"author":[{"embeddable":true,"href":"https:\/\/quartierdelapoya.ch\/de\/wp-json\/wp\/v2\/users\/2"}],"replies":[{"embeddable":true,"href":"https:\/\/quartierdelapoya.ch\/de\/wp-json\/wp\/v2\/comments?post=2996"}],"version-history":[{"count":6,"href":"https:\/\/quartierdelapoya.ch\/de\/wp-json\/wp\/v2\/posts\/2996\/revisions"}],"predecessor-version":[{"id":3183,"href":"https:\/\/quartierdelapoya.ch\/de\/wp-json\/wp\/v2\/posts\/2996\/revisions\/3183"}],"wp:featuredmedia":[{"embeddable":true,"href":"https:\/\/quartierdelapoya.ch\/de\/wp-json\/wp\/v2\/media\/2990"}],"wp:attachment":[{"href":"https:\/\/quartierdelapoya.ch\/de\/wp-json\/wp\/v2\/media?parent=2996"}],"wp:term":[{"taxonomy":"category","embeddable":true,"href":"https:\/\/quartierdelapoya.ch\/de\/wp-json\/wp\/v2\/categories?post=2996"},{"taxonomy":"post_tag","embeddable":true,"href":"https:\/\/quartierdelapoya.ch\/de\/wp-json\/wp\/v2\/tags?post=2996"}],"curies":[{"name":"wp","href":"https:\/\/api.w.org\/{rel}","templated":true}]}}